{"id":4073,"date":"2012-11-23T20:13:57","date_gmt":"2012-11-23T20:13:57","guid":{"rendered":"http:\/\/martha.org.mx\/una-politica-con-causa\/?p=4073"},"modified":"2019-08-07T21:13:24","modified_gmt":"2019-08-07T21:13:24","slug":"queretaro","status":"publish","type":"post","link":"https:\/\/martha.org.mx\/una-politica-con-causa\/queretaro\/","title":{"rendered":"Quer\u00e9taro"},"content":{"rendered":"\n<p> Santiago de <a href=\"http:\/\/www.queretaro.gob.mx\/\">Quer\u00e9taro <\/a>es una ciudad de la parte central de M\u00e9xico famosa por su arquitectura colonial bien conservada, como su llamativo acueducto de piedras rosadas. Entre los edificios barrocos m\u00e1s importantes se encuentra el templo de Santa Rosa de Viterbo y, en las proximidades, el templo de San Francisco, de color ocre y situado en el Jard\u00edn Zenea, la plaza principal de la ciudad. Un antiguo convento alberga el Museo Regional de Quer\u00e9taro, en el que se pueden observar artefactos prehisp\u00e1nicos, coloniales y republicanos.<br><\/p>\n","protected":false},"excerpt":{"rendered":"<p>Santiago de Quer\u00e9taro es una ciudad de la parte central de M\u00e9xico famosa por su arquitectura colonial bien conservada, como su llamativo acueducto de piedras rosadas. Entre los edificios barrocos m\u00e1s importantes se encuentra el templo de Santa Rosa de Viterbo y, en las proximidades, el templo de San Francisco, de color ocre y situado&hellip;<\/p>\n<p class=\"more-link\"><a href=\"https:\/\/martha.org.mx\/una-politica-con-causa\/queretaro\/\" class=\"themebutton\">Read More<\/a><\/p>\n","protected":false},"author":1,"featured_media":4074,"comment_status":"open","ping_status":"open","sticky":false,"template":"","format":"standard","meta":{"om_disable_all_campaigns":false,"_monsterinsights_skip_tracking":false,"_monsterinsights_sitenote_active":false,"_monsterinsights_sitenote_note":"","_monsterinsights_sitenote_category":0,"footnotes":""},"categories":[29],"tags":[],"class_list":["post-4073","post","type-post","status-publish","format-standard","has-post-thumbnail","hentry","category-viajes"],"aioseo_notices":[],"_links":{"self":[{"href":"https:\/\/martha.org.mx\/una-politica-con-causa\/wp-json\/wp\/v2\/posts\/4073","targetHints":{"allow":["GET"]}}],"collection":[{"href":"https:\/\/martha.org.mx\/una-politica-con-causa\/wp-json\/wp\/v2\/posts"}],"about":[{"href":"https:\/\/martha.org.mx\/una-politica-con-causa\/wp-json\/wp\/v2\/types\/post"}],"author":[{"embeddable":true,"href":"https:\/\/martha.org.mx\/una-politica-con-causa\/wp-json\/wp\/v2\/users\/1"}],"replies":[{"embeddable":true,"href":"https:\/\/martha.org.mx\/una-politica-con-causa\/wp-json\/wp\/v2\/comments?post=4073"}],"version-history":[{"count":2,"href":"https:\/\/martha.org.mx\/una-politica-con-causa\/wp-json\/wp\/v2\/posts\/4073\/revisions"}],"predecessor-version":[{"id":5794,"href":"https:\/\/martha.org.mx\/una-politica-con-causa\/wp-json\/wp\/v2\/posts\/4073\/revisions\/5794"}],"wp:featuredmedia":[{"embeddable":true,"href":"https:\/\/martha.org.mx\/una-politica-con-causa\/wp-json\/wp\/v2\/media\/4074"}],"wp:attachment":[{"href":"https:\/\/martha.org.mx\/una-politica-con-causa\/wp-json\/wp\/v2\/media?parent=4073"}],"wp:term":[{"taxonomy":"category","embeddable":true,"href":"https:\/\/martha.org.mx\/una-politica-con-causa\/wp-json\/wp\/v2\/categories?post=4073"},{"taxonomy":"post_tag","embeddable":true,"href":"https:\/\/martha.org.mx\/una-politica-con-causa\/wp-json\/wp\/v2\/tags?post=4073"}],"curies":[{"name":"wp","href":"https:\/\/api.w.org\/{rel}","templated":true}]}}