{"id":221,"date":"2016-01-16T02:09:53","date_gmt":"2016-01-16T02:09:53","guid":{"rendered":"http:\/\/yogaparatodos-en-mexico.com\/martha\/?p=221"},"modified":"2020-05-11T19:20:48","modified_gmt":"2020-05-11T19:20:48","slug":"biografia","status":"publish","type":"post","link":"https:\/\/martha.org.mx\/una-politica-con-causa\/biografia\/","title":{"rendered":"\u00bfQui\u00e9n soy?"},"content":{"rendered":"\n<p>Martha Delgado es una de las pocas l\u00edderes del movimiento ambientalista en M\u00e9xico que participa en la sociedad pol\u00edtica. Este a\u00f1o celebra 28 a\u00f1os de trabajo ininterrumpido en el sector ambiental, tanto en la Administraci\u00f3n P\u00fablica Federal (1991 a 1998), dirigiendo organizaciones de la sociedad civil dedicadas al medio ambiente (1998 a 2003), y como Diputada Independiente en la III Legislatura de la Asamblea Legislativa del Distrito Federal (2003 a 2006), entre otras.<\/p>\n\n\n\n<p>Actualmente es Subsecretaria para Asuntos Multilaterales y Derechos Humanos de la Secretar\u00eda de Relaciones Exteriores de M\u00e9xico que encabeza el Canciller Marcelo Ebrard Casaubon.  <\/p>\n\n\n\n<p>Es Licenciada en Pedagog\u00eda por la Universidad Intercontinental, y egresada del Programa de Estudios Avanzados en Desarrollo Sustentable y Medio Ambiente LEAD de El Colegio de M\u00e9xico. Es Maestra en Sustentabilidad por la Universidad de Harvard.<\/p>\n\n\n\n<p>En la administraci\u00f3n p\u00fablica federal fungi\u00f3 como asesora de la Presidencia del Instituto Nacional de Ecolog\u00eda de 1993 a 1998, a cargo del proceso de descentralizaci\u00f3n de la gesti\u00f3n ambiental y posteriormente participando en la gesti\u00f3n social de nuevos decretos de \u00c1reas Naturales Protegidas. Durante su encomienda se logr\u00f3 iniciar una importante etapa de la gesti\u00f3n ambiental a nivel subnacional, as\u00ed como la protecci\u00f3n legal de importantes ecosistemas albergados en M\u00e9xico, uno de los 5 pa\u00edses m\u00e1s biodiversos del mundo.<\/p>\n\n\n\n<p>Entre 1998 y 2003 presidi\u00f3 las organizaciones Presencia Ciudadana Mexicana A.C., una de las principales asociaciones de participaci\u00f3n ciudadana y observaci\u00f3n electoral en M\u00e9xico, y la Uni\u00f3n de Grupos Ambientalistas IAP que congrega a un centenar de organizaciones ecologistas de todo el pa\u00eds. En Presencia Ciudadana colabor\u00f3 en la organizaci\u00f3n del despliegue de 1500 observadores electorales, consiguiendo el conteo r\u00e1pido independiente m\u00e1s preciso en la elecci\u00f3n Presidencial del a\u00f1o 2000. Encabezando la Uni\u00f3n de Grupos Ambientalistas se logr\u00f3 detener la construcci\u00f3n de la salinera m\u00e1s grande del mundo en Baja California, en la Laguna de San Ignacio, el lugar en donde nacen las ballenas grises, una especie amenazada y en peligro de extinci\u00f3n.<\/p>\n\n\n\n<p>Fue Diputada Independiente de 2003 a 2006 en la III Legislatura de la Asamblea Legislativa del Distrito Federal, cargo al cual accede bajo el extinto partido M\u00e9xico Posible. Como Diputada Independiente cre\u00f3 y presidi\u00f3 la Comisi\u00f3n Especial para la Gesti\u00f3n Integral del Agua.<\/p>\n\n\n\n<p>Fue Secretaria del Medio Ambiente del Gobierno del Distrito Federal de 2006 a 2012, en donde encabez\u00f3 importantes programas ambientales que le dieron a la Ciudad de M\u00e9xico un liderazgo mundial: el Plan Verde de la Ciudad de M\u00e9xico; el Plan de Acci\u00f3n Clim\u00e1tica (el primero a nivel local en Am\u00e9rica Latina); la implementaci\u00f3n del primer sistema de bicicletas p\u00fablicas del continente americano, ECOBICI, que actualmente ha permitido la realizaci\u00f3n de m\u00e1s de 30 millones de viajes en bicicleta p\u00fablica.<\/p>\n\n\n\n<p>La restauraci\u00f3n del C\u00e1rcamo de Dolores y del Mural de Diego Rivera \u201cEl Agua Origen de la Vida\u201d en Chapultepec, el Parque Urbano m\u00e1s antiguo del continente; el rescate del R\u00edo Magdalena, el \u00faltimo r\u00edo vivo de la Ciudad de M\u00e9xico; el Mercado de Trueque, en donde se intercambian hortalizas org\u00e1nicas por residuos s\u00f3lidos separados cada domingo \u00faltimo de mes; el primer paseo dominical \u201cMu\u00e9vete en Bici\u201d de M\u00e9xico; el Programa Reverdece tu Ciudad, que recuper\u00f3 1000 espacios p\u00fablicos plantando un mill\u00f3n de \u00e1rboles en la zona urbana de la ciudad; entre otros programas exitosos. Durante su gesti\u00f3n, la Ciudad de M\u00e9xico recibi\u00f3 11 premios nacionales e internacionales en materia ambiental y de pol\u00edtica p\u00fablica.<\/p>\n\n\n\n<p>Ha colaborado como columnista e invitada en el peri\u00f3dico Reforma, La Silla Rota, El Universal y ha publicado m\u00e1s de 50 art\u00edculos sobre medio ambiente en diferentes revistas y libros. Fue seleccionada por la revista QUIEN como una de las 50 personas m\u00e1s influyentes en M\u00e9xico en el a\u00f1o 2010.<\/p>\n\n\n\n<p>En el \u00e1mbito internacional fue Gobernadora Alterna del Consejo Mundial del Agua. Fue Presidenta de la RED de Autoridades para la Gesti\u00f3n Ambiental en Ciudades de Am\u00e9rica Latina y el Caribe de 2009 a 2010. Fungi\u00f3 como Vicepresidenta de ICLEI &#8211; Gobiernos Locales por la Sustentabilidad, organismo internacional integrado por m\u00e1s de mil quinientas ciudades de todo el mundo de 2009 a 2014; es miembro del Comit\u00e9 Global Asesor del Earth Day Network; es miembro del jurado del Earth Hour City Challenge del WWF (World Wildlife Fund); forma parte del Grupo Tem\u00e1tico sobre Ciudades Sustentables de la Red de Soluciones para el Desarrollo Sostenible de la ONU (SDSN); es miembro del Consejo Asesor de la iniciativa Momentum for Change que apoya al Secretariado Internacional de la Convenci\u00f3n Marco de las Naciones Unidas sobre Cambio Clim\u00e1tico (UNFCCC) a impulsar acciones efectivas para combatir el calentamiento global; y es miembro del Comit\u00e9 Asesor de Expertos en Agua y Asentamientos Humanos de la UNESCO.<\/p>\n\n\n\n<p>Colabor\u00f3 en la Fundaci\u00f3n PENSAR como Directora del Secretariado Internacional del Pacto Clim\u00e1tico Global de Ciudades, mecanismo diplom\u00e1tico de gobiernos locales para luchar contra el calentamiento global que aglutina a m\u00e1s de 340 alcaldes de ciudades de 60 pa\u00edses en los cinco continentes.<\/p>\n\n\n\n<p>La Organizaci\u00f3n Shamengo la reconoci\u00f3 en el a\u00f1o 2015 como uno de los 1000 Pioneros del Nuevo Mundo por su aportaci\u00f3n a la sustentabilidad urbana a trav\u00e9s del Mercado de Trueque.<\/p>\n\n\n\n<p>Su labor en la causa ambiental le ha merecido un amplio prestigio nacional e internacional. En su vida privada, ha consolidado un matrimonio de 27 a\u00f1os con una hermosa hija de 18 a\u00f1os. Es una apasionada cocinera; practica Yoga y Meditaci\u00f3n, y actualmente es aprendiz de horticultura urbana a trav\u00e9s de la agricultura biodin\u00e1mica. Disfruta mucho de la m\u00fasica y del canto, por lo que en el a\u00f1o 2015 grab\u00f3 su primer disco de boleros tradicionales.<\/p>\n\n\n\n<p><strong>Trayectoria Acad\u00e9mica:<\/strong><\/p>\n\n\n\n<ul class=\"wp-block-list\"><li>Licenciada en Pedagog\u00eda. Como profesional de la pedagog\u00eda he trabajado espec\u00edficamente en las \u00e1reas de educaci\u00f3n ambiental y educaci\u00f3n c\u00edvica.<\/li><li>Conferencista sobre el tema ambiental a nivel nacional e internacional en diferentes espacios ciudadanos y acad\u00e9micos.<\/li><li>Hablo, escribo y leo el idioma ingl\u00e9s. Tambi\u00e9n estudi\u00e9 por dos a\u00f1os lengua n\u00e1huatl haciendo pr\u00e1cticas culturales de intercambio en comunidades ind\u00edgenas<\/li><li>Soy Fellow del&nbsp;<a href=\"http:\/\/www.lead.colmex.mx\/info.htm\">Programa de Estudios Avanzados en Desarrollo Sustentable y Medio Ambiente (LEAD)<\/a>&nbsp;de&nbsp;<a href=\"http:\/\/www.colmex.mx\/\">El Colegio de M\u00e9xico<\/a>&nbsp;(2004)<\/li><li>He cursado diversos diplomados entre los que se encuentran:<\/li><li>Diplomado en Gesti\u00f3n y An\u00e1lisis de Pol\u00edticas Ambientales; Instituto Nacional de Administraci\u00f3n P\u00fablica (1994)<\/li><li>Diplomado en Procuraci\u00f3n de Fondos y Desarrollo Institucional para Organizaciones No Lucrativas. Procura, A.C. y The Fund Raising School of the University of Indiana (1996).<\/li><li>Diplomado El fen\u00f3meno metropolitano: estrategias, instrumentos y alternativas de gesti\u00f3n del Programa Universitario de Estudios sobre la Ciudad de la Universidad Nacional Aut\u00f3noma de M\u00e9xico (2005).<\/li><li>Maestr\u00eda en Artes Liberales en el campo de la Sustentabilidad por la Universidad de Harvard. <\/li><\/ul>\n\n\n\n<p><strong>Principales conferencias internacionales en las que ha participado:<\/strong><\/p>\n\n\n\n<ul class=\"wp-block-list\"><li>Conferencia de las Naciones Unidas sobre la Mujer, en Beijing, China, 1995.<\/li><li>Tercera Conferencia de las Partes de la ONU sobre Biodiversidad, en Buenos Aires, Argentina, 1996.<\/li><li>Reuni\u00f3n internacional \u201cConstruyendo la Democracia Mundial\u201d, Nueva Delhi, India, 1999.<\/li><li>Quinta Conferencia de las Partes sobre Cambio Clim\u00e1tico Global, en Bonn, Alemania, 1999.<\/li><li>Forum of Federations, Mont Tremblant, Quebec, Canad\u00e1, 1999.<\/li><li>Particip\u00f3 como representante de la sociedad civil y como delegada mexicana en la IV Conferencia Preparatoria de las Naciones Unidas rumbo a la Cumbre Mundial para el Desarrollo Sustentable, en Bali, Indonesia, 2002.<\/li><li>Cumbre Mundial sobre el Desarrollo Sostenible de la ONU en Johannesburgo, Sud\u00e1frica, 2002.<\/li><li>Particip\u00f3 en el Seminario Internacional sobre Movilidad Urbana en Bogot\u00e1, Colombia, 2003.<\/li><li>Particip\u00f3 en la Sesi\u00f3n Regional del Programa de Estudios Avanzados en Desarrollo Sostenible y Medio Ambiente \u201cRetos de la Gobernabilidad Socioambiental\u201d realizada en Brasilia, Brasil, 2003.<\/li><li>Sesi\u00f3n Regional del Programa de Estudios Avanzados en Desarrollo Sostenible y Medio Ambiente \u201cEcoturismo y conservaci\u00f3n: el caso del sistema arrecifal mesoamericano\u201d realizada en Belice y Honduras, 2004.<\/li><li>Sesi\u00f3n Regional del Programa de Estudios Avanzados en Desarrollo Sostenible y Medio Ambiente \u201cAgricultura sustentable en las econom\u00edas alimentarias globalizadas\u201d realizada en Kent, Inglaterra, 2004.<\/li><li>Testigo de honor a la firma de la Declaratoria Europea por una Nueva Cultura del Agua, Madrid, Espa\u00f1a, 2005.<\/li><li>Coorganizadora del I Encuentro Latinoamericano por una Nueva Cultura del Agua en Fortaleza, Brasil, 2005.<\/li><li>Cuarto Foro Mundial del Agua, Ciudad de M\u00e9xico, 2006.<\/li><li>Reuni\u00f3n de presentaci\u00f3n de los principales Planes Verdes del Mundo Bioneers. San Francisco, EU, 2007.<\/li><li>Foro de Alcaldes sobre Desarrollo Urbano Sustentable, Tianjin, China, 2007.<\/li><li>Seminario sobre Financiamiento para la Sustentabilidad Urbana en el Banco Mundial, Washington, EU, 2008.<\/li><li>Quinto Foro Mundial del Agua, en Estambul, Turqu\u00eda, 2009.<\/li><li>Reuni\u00f3n Mundial del C40, en Se\u00fal, Corea, 2009.<\/li><li>Quinceava Conferencia de las Partes de la ONU sobre Cambio Clim\u00e1tico. Copenhagen, Dinamarca, 2009.<\/li><li>ICLEI World Congress en Edmonton, Canad\u00e1, 2009.<\/li><li>Convenci\u00f3n Anual sobre Desarrollo Sostenible de las Naciones Unidas, Nueva York, EU, 2010.<\/li><li>Quinto Foro Mundial Urbano ONU Habitat, R\u00edo de Janeiro, Brasil, 2010.<\/li><li>20 Aniversario de ICLEI. Incheon, Corea, 2010.<\/li><li>Firma del Acuerdo para la Cooperaci\u00f3n en materia de sustentabilidad Urbana. Roma, Italia, 2011.<\/li><li>Congreso Resilient Cities 2011. Bonn, Alemania, 2011.<\/li><li>Reuni\u00f3n Anual de la Asociaci\u00f3n Empresarial para Am\u00e9rica Latina. Hamburgo, Alemania, 2011.<\/li><li>Zero Emissions Konference, Oslo, Noruega, 2011.<\/li><li>Diecisieteava Conferencia de las Partes de la ONU sobre Cambio Clim\u00e1tico, Durban, Sud\u00e1frica, en 2011.<\/li><li>Simposio sobre Desarrollo Sustentable del PNUD. Sao Paulo, Brasil, 2012.<\/li><li>Congreso Mundial de ICLEI. Belo Horizonte, Brasil, 2012.<\/li><li>Presentaci\u00f3n de la Exposici\u00f3n Global \u201cBiodiversidad en Ciudades, Ciudades L\u00edderes en Conservaci\u00f3n de la Biodiversidad\u201d, Und\u00e9cima Reuni\u00f3n de la COP sobre Biodiversidad en Hyderabad, India, 2012.<\/li><li>Reuni\u00f3n del Comit\u00e9 Ejecutivo de ICLEI. Se\u00fal, Corea, 2012.<\/li><li>Cumbre sobre Ciudades y Cambio Clim\u00e1tico, Bogot\u00e1, Colombia, 2012.<\/li><li>Ceremonia de Premiaci\u00f3n del Earth Hour City Challenge de WWF. M\u00e4lmo, Suecia, 2013.<\/li><li>Conferencia sobre Calidad del Aire en la Ciudad de M\u00e9xico. Green Week 2013. Ciudad de M\u00e9xico., 2013.<\/li><li>Ecocities World Summit 2013. Nantes, Francia, 2013.<\/li><li>Conferencia en Globe 2014. Vancouver, Canad\u00e1, 2014.<\/li><li>World Summit for Regions R20. Paris, Francia, 2014.<\/li><li>Women for Climate Tribune. Skhirat, Marruecos, 2015.<\/li><li>Foro de Ciudades CELAC \u2013 Uni\u00f3n Europea. Bruselas, B\u00e9lgica, 2015.<\/li><li>World Water Week. Singapur, 2016.<\/li><li>Global Climate Action Summit, San Francisco, CA, EU, 2018.<\/li><li>Paris Motor Show. Paris, Francia, 2018.<\/li><li>Paris Peace Forum. Paris, Francia, 2018.<\/li><li>Cumbre Mundial de Migraciones, Marrakech, Marruecos, 2018.<\/li><li>World Government Summit, febrero 2019<\/li><li>40 Sesi\u00f3n del Consejo de Derechos Humanos de la ONU, Ginebra, Suiza, febrero 2019.<\/li><li>II Conferencia de Alto Nivel de las Naciones Unidas sobre la Cooperaci\u00f3n Sur-Sur, Argentina. Marzo, 2019<\/li><li>Evento de Alto Nivel sobre Clima y Desarrollo Sostenible para Todas y Todos, NY, Marzo 2019<\/li><li>Mecanismo Bilateral de Consultas en Temas Multilaterales &#8211; Sustentaci\u00f3n CAT, Suiza. Abril 2019<\/li><li>Asamblea General ONU-H\u00e1bitat, Nairobi. Mayo 2019<\/li><li>Foro Econ\u00f3mico de San Petersburgo, San Petersburgo, Rusia. Junio 2019<\/li><li>G20 Ministerial Transici\u00f3n Energ\u00e9tica y Crecimiento Ambiental, Global Sustentable, Jap\u00f3n. Junio 2019<\/li><li>Segmento de Alto Nivel del Foro Pol\u00edtico de Alto Nivel sobre el Desarrollo Sostenible, NY, Julio 2019<\/li><li>W32 Reuni\u00f3n Bilateral con Global Fund \/ Sustentaci\u00f3n CERD, Ginebra. Agosto 2019<\/li><li>5ta Reuni\u00f3n de SHERPAS, Amsterdam. Agosto 2019<\/li><li>74 AGONU, NY. Septiembre 2019<\/li><li>Develaci\u00f3n de &#8220;Alas de M\u00e9xico&#8221; Amsterdam. Septiembre 2019<\/li><li>Sustentaci\u00f3n de Informes Comit\u00e9 de Derechos Humanos CCPR, Ginebra. Octubre 2019<\/li><li>Our Ocean, Oslo. Octubre 2019<\/li><li>Foro de Par\u00eds para la Paz, Par\u00eds, Francia. Noviembre 2019<\/li><li>Conferencia OIEA, Viena. Diciembre 2019<\/li><li>COP 25, Madrid. Diciembre 2019<\/li><li>Doha Forum, Qatar. Diciembre 2019<\/li><li>Conferencia Regional Sobre la Mujer de Am\u00e9rica Latina y el Caribe, Chile. Ene, 2020<\/li><li>World Urban Forum, Abu Dhabi. Feb 2020<\/li><li>Foro Anual World Business Angels Investment Forum, Estambul. Febrero 2020<\/li><\/ul>\n","protected":false},"excerpt":{"rendered":"<p>Martha Delgado es una de las pocas l\u00edderes del movimiento ambientalista en M\u00e9xico que participa en la sociedad pol\u00edtica. Este a\u00f1o celebra 28 a\u00f1os de trabajo ininterrumpido en el sector ambiental, tanto en la Administraci\u00f3n P\u00fablica Federal (1991 a 1998), dirigiendo organizaciones de la sociedad civil dedicadas al medio ambiente (1998 a 2003), y como&hellip;<\/p>\n<p class=\"more-link\"><a href=\"https:\/\/martha.org.mx\/una-politica-con-causa\/biografia\/\" class=\"themebutton\">Read More<\/a><\/p>\n","protected":false},"author":1,"featured_media":4505,"comment_status":"open","ping_status":"open","sticky":false,"template":"","format":"standard","meta":{"om_disable_all_campaigns":false,"_monsterinsights_skip_tracking":false,"_monsterinsights_sitenote_active":false,"_monsterinsights_sitenote_note":"","_monsterinsights_sitenote_category":0,"footnotes":""},"categories":[22],"tags":[],"class_list":["post-221","post","type-post","status-publish","format-standard","has-post-thumbnail","hentry","category-quien-soy"],"aioseo_notices":[],"_links":{"self":[{"href":"https:\/\/martha.org.mx\/una-politica-con-causa\/wp-json\/wp\/v2\/posts\/221","targetHints":{"allow":["GET"]}}],"collection":[{"href":"https:\/\/martha.org.mx\/una-politica-con-causa\/wp-json\/wp\/v2\/posts"}],"about":[{"href":"https:\/\/martha.org.mx\/una-politica-con-causa\/wp-json\/wp\/v2\/types\/post"}],"author":[{"embeddable":true,"href":"https:\/\/martha.org.mx\/una-politica-con-causa\/wp-json\/wp\/v2\/users\/1"}],"replies":[{"embeddable":true,"href":"https:\/\/martha.org.mx\/una-politica-con-causa\/wp-json\/wp\/v2\/comments?post=221"}],"version-history":[{"count":5,"href":"https:\/\/martha.org.mx\/una-politica-con-causa\/wp-json\/wp\/v2\/posts\/221\/revisions"}],"predecessor-version":[{"id":10512,"href":"https:\/\/martha.org.mx\/una-politica-con-causa\/wp-json\/wp\/v2\/posts\/221\/revisions\/10512"}],"wp:featuredmedia":[{"embeddable":true,"href":"https:\/\/martha.org.mx\/una-politica-con-causa\/wp-json\/wp\/v2\/media\/4505"}],"wp:attachment":[{"href":"https:\/\/martha.org.mx\/una-politica-con-causa\/wp-json\/wp\/v2\/media?parent=221"}],"wp:term":[{"taxonomy":"category","embeddable":true,"href":"https:\/\/martha.org.mx\/una-politica-con-causa\/wp-json\/wp\/v2\/categories?post=221"},{"taxonomy":"post_tag","embeddable":true,"href":"https:\/\/martha.org.mx\/una-politica-con-causa\/wp-json\/wp\/v2\/tags?post=221"}],"curies":[{"name":"wp","href":"https:\/\/api.w.org\/{rel}","templated":true}]}}