{"id":1540,"date":"2012-04-23T16:47:30","date_gmt":"2012-04-23T16:47:30","guid":{"rendered":"http:\/\/martha.org.mx\/una-politica-con-causa\/?p=1540"},"modified":"2019-08-13T20:26:22","modified_gmt":"2019-08-13T20:26:22","slug":"entremes-oaxaqueno","status":"publish","type":"post","link":"https:\/\/martha.org.mx\/una-politica-con-causa\/entremes-oaxaqueno\/","title":{"rendered":"Entrem\u00e9s Oaxaque\u00f1o"},"content":{"rendered":"<p>Bueno, en casa de Fredo hicimos un entrem\u00e9s oaxaque\u00f1o. Quesillo muy fresco, naranja, mezcal, sal de gusano, chapulines, tortillas reci\u00e9n hechas, aguacate, y los cacahuates con chile y ajo horneados!! Para la hora del plato fuerte ya no ten\u00edamos hambre! Qu\u00e9 maravillosos ingredientes los de la cocina oaxaque\u00f1a!<\/p>\n<p><a href=\"https:\/\/martha.org.mx\/una-politica-con-causa\/wp-content\/uploads\/2012\/04\/entrem\u00e9s-oaxaque\u00f1o.jpg\"><img loading=\"lazy\" decoding=\"async\" class=\"aligncenter size-medium wp-image-1541\" title=\"entrem\u00e9s oaxaque\u00f1o\" src=\"https:\/\/martha.org.mx\/una-politica-con-causa\/wp-content\/uploads\/2012\/04\/entrem\u00e9s-oaxaque\u00f1o-225x300.jpg\" alt=\"\" width=\"225\" height=\"300\" srcset=\"https:\/\/martha.org.mx\/una-politica-con-causa\/wp-content\/uploads\/2012\/04\/entrem\u00e9s-oaxaque\u00f1o-225x300.jpg 225w, https:\/\/martha.org.mx\/una-politica-con-causa\/wp-content\/uploads\/2012\/04\/entrem\u00e9s-oaxaque\u00f1o.jpg 540w\" sizes=\"auto, (max-width: 225px) 100vw, 225px\" \/><\/a><\/p>\n","protected":false},"excerpt":{"rendered":"<p>\u00a1Que rico!<\/p>\n","protected":false},"author":1,"featured_media":1541,"comment_status":"open","ping_status":"open","sticky":false,"template":"","format":"standard","meta":{"om_disable_all_campaigns":false,"_monsterinsights_skip_tracking":false,"_monsterinsights_sitenote_active":false,"_monsterinsights_sitenote_note":"","_monsterinsights_sitenote_category":0,"footnotes":""},"categories":[17,45],"tags":[],"class_list":["post-1540","post","type-post","status-publish","format-standard","has-post-thumbnail","hentry","category-gastronomia","category-mis-recetas"],"aioseo_notices":[],"_links":{"self":[{"href":"https:\/\/martha.org.mx\/una-politica-con-causa\/wp-json\/wp\/v2\/posts\/1540","targetHints":{"allow":["GET"]}}],"collection":[{"href":"https:\/\/martha.org.mx\/una-politica-con-causa\/wp-json\/wp\/v2\/posts"}],"about":[{"href":"https:\/\/martha.org.mx\/una-politica-con-causa\/wp-json\/wp\/v2\/types\/post"}],"author":[{"embeddable":true,"href":"https:\/\/martha.org.mx\/una-politica-con-causa\/wp-json\/wp\/v2\/users\/1"}],"replies":[{"embeddable":true,"href":"https:\/\/martha.org.mx\/una-politica-con-causa\/wp-json\/wp\/v2\/comments?post=1540"}],"version-history":[{"count":7,"href":"https:\/\/martha.org.mx\/una-politica-con-causa\/wp-json\/wp\/v2\/posts\/1540\/revisions"}],"predecessor-version":[{"id":6007,"href":"https:\/\/martha.org.mx\/una-politica-con-causa\/wp-json\/wp\/v2\/posts\/1540\/revisions\/6007"}],"wp:featuredmedia":[{"embeddable":true,"href":"https:\/\/martha.org.mx\/una-politica-con-causa\/wp-json\/wp\/v2\/media\/1541"}],"wp:attachment":[{"href":"https:\/\/martha.org.mx\/una-politica-con-causa\/wp-json\/wp\/v2\/media?parent=1540"}],"wp:term":[{"taxonomy":"category","embeddable":true,"href":"https:\/\/martha.org.mx\/una-politica-con-causa\/wp-json\/wp\/v2\/categories?post=1540"},{"taxonomy":"post_tag","embeddable":true,"href":"https:\/\/martha.org.mx\/una-politica-con-causa\/wp-json\/wp\/v2\/tags?post=1540"}],"curies":[{"name":"wp","href":"https:\/\/api.w.org\/{rel}","templated":true}]}}