{"id":1049,"date":"2012-02-01T23:46:05","date_gmt":"2012-02-01T23:46:05","guid":{"rendered":"http:\/\/yogaparatodos-en-mexico.com\/martha\/?p=1049"},"modified":"2019-08-06T16:38:14","modified_gmt":"2019-08-06T16:38:14","slug":"redaalc","status":"publish","type":"post","link":"https:\/\/martha.org.mx\/una-politica-con-causa\/redaalc\/","title":{"rendered":"REDAALC"},"content":{"rendered":"<p>Presidenta de la RED de Autoridades para la Gesti\u00f3n Ambiental en Ciudades de Am\u00e9rica Latina y el Caribe<\/p>\n<p>\u00bfQu\u00e9 es la REDAALC?<\/p>\n<p><a href=\"http:\/\/www.redaalc.com\/index.php?option=com_content&amp;view=article&amp;id=22:quienessomos&amp;catid=37:redaalc-institucion&amp;Itemid=55\">(Fuente: REDAALC)<\/a><\/p>\n<p><a href=\"https:\/\/martha.org.mx\/una-politica-con-causa\/wp-content\/uploads\/2012\/02\/REDAALC.png\"><img decoding=\"async\" class=\"alignleft size-full wp-image-1053\" title=\"REDAALC\" src=\"https:\/\/martha.org.mx\/una-politica-con-causa\/wp-content\/uploads\/2012\/02\/REDAALC.png\" alt=\"\" width=\"40%\" height=\"auto\" srcset=\"https:\/\/martha.org.mx\/una-politica-con-causa\/wp-content\/uploads\/2012\/02\/REDAALC.png 400w, https:\/\/martha.org.mx\/una-politica-con-causa\/wp-content\/uploads\/2012\/02\/REDAALC-300x225.png 300w\" sizes=\"(max-width: 400px) 100vw, 400px\" \/><\/a> La RED surge de los acuerdos establecidos en la&#8221;Declaraci\u00f3n de la Zona Metropolitana del Valle de M\u00e9xico&#8221; por autoridades de grandes ciudades y metr\u00f3polis de Am\u00e9rica Latina y el Caribe, expertos y representantes de diversas instituciones que participaron en el Seminario &#8220;La construcci\u00f3n de la sustentabilidad en grandes ciudades de Am\u00e9rica Latina y el Caribe&#8221;, realizado en el marco de la Feria Ambiental Metropolitana, que se llev\u00f3 a cabo entre el 3 y 7 de octubre del 2001, en el Parque Naucalli, del municipio de Naucalpan, Estado de M\u00e9xico.<\/p>\n<p>&#8230;<br \/>\n[L]os gobiernos locales, tampoco cuenta[n] con recursos suficientes para atender los asuntos del bien com\u00fan. Las autoridades de las ciudades presentan limitaciones presupuestarias, de recursos humanos y de tecnolog\u00eda para atender todos estos problemas.<\/p>\n<p>Frente a esta realidad de Am\u00e9rica Latina y el Caribe, es innegable que se deben innovar mecanismos que coadyuven a resolver problemas y generen condiciones para la construcci\u00f3n de la sustentabilidad. En este sentido se ha organizado la Red de autoridades para la gesti\u00f3n ambiental-urbana en la Regi\u00f3n, que propende la integraci\u00f3n y acci\u00f3n de actores sociales, econ\u00f3micos y pol\u00edticos para atender los problemas socioambientales. Es un mecanismo incluyente y puesto a disposici\u00f3n de todos.<\/p>\n<p><a href=\"http:\/\/www.redaalc.com\/\">[M\u00e1s info aqu\u00ed&#8230;]<\/a><\/p>\n","protected":false},"excerpt":{"rendered":"<p> Autoridades para la Gesti\u00f3n Ambiental en Am\u00e9rica Latina&#8230;<\/p>\n","protected":false},"author":1,"featured_media":1053,"comment_status":"open","ping_status":"open","sticky":false,"template":"","format":"standard","meta":{"om_disable_all_campaigns":false,"_monsterinsights_skip_tracking":false,"_monsterinsights_sitenote_active":false,"_monsterinsights_sitenote_note":"","_monsterinsights_sitenote_category":0,"footnotes":""},"categories":[70],"tags":[],"class_list":["post-1049","post","type-post","status-publish","format-standard","has-post-thumbnail","hentry","category-organizaciones"],"aioseo_notices":[],"_links":{"self":[{"href":"https:\/\/martha.org.mx\/una-politica-con-causa\/wp-json\/wp\/v2\/posts\/1049","targetHints":{"allow":["GET"]}}],"collection":[{"href":"https:\/\/martha.org.mx\/una-politica-con-causa\/wp-json\/wp\/v2\/posts"}],"about":[{"href":"https:\/\/martha.org.mx\/una-politica-con-causa\/wp-json\/wp\/v2\/types\/post"}],"author":[{"embeddable":true,"href":"https:\/\/martha.org.mx\/una-politica-con-causa\/wp-json\/wp\/v2\/users\/1"}],"replies":[{"embeddable":true,"href":"https:\/\/martha.org.mx\/una-politica-con-causa\/wp-json\/wp\/v2\/comments?post=1049"}],"version-history":[{"count":4,"href":"https:\/\/martha.org.mx\/una-politica-con-causa\/wp-json\/wp\/v2\/posts\/1049\/revisions"}],"predecessor-version":[{"id":5682,"href":"https:\/\/martha.org.mx\/una-politica-con-causa\/wp-json\/wp\/v2\/posts\/1049\/revisions\/5682"}],"wp:featuredmedia":[{"embeddable":true,"href":"https:\/\/martha.org.mx\/una-politica-con-causa\/wp-json\/wp\/v2\/media\/1053"}],"wp:attachment":[{"href":"https:\/\/martha.org.mx\/una-politica-con-causa\/wp-json\/wp\/v2\/media?parent=1049"}],"wp:term":[{"taxonomy":"category","embeddable":true,"href":"https:\/\/martha.org.mx\/una-politica-con-causa\/wp-json\/wp\/v2\/categories?post=1049"},{"taxonomy":"post_tag","embeddable":true,"href":"https:\/\/martha.org.mx\/una-politica-con-causa\/wp-json\/wp\/v2\/tags?post=1049"}],"curies":[{"name":"wp","href":"https:\/\/api.w.org\/{rel}","templated":true}]}}