{"id":22,"count":1,"description":"Martha Delgado es una de las pocas l\u00edderes del movimiento ambientalista en M\u00e9xico que participa en la sociedad pol\u00edtica. Este a\u00f1o celebra 28 a\u00f1os de trabajo ininterrumpido en el sector ambiental, tanto en la Administraci\u00f3n P\u00fablica Federal (1991 a 1998), dirigiendo organizaciones de la sociedad civil dedicadas al medio ambiente (1998 a 2003), y como Diputada Independiente en la III Legislatura de la Asamblea Legislativa del Distrito Federal (2003 a 2006), entre otras.\r\n\r\nActualmente es Subsecretaria para Asuntos Multilaterales y Derechos Humanos de la Secretar\u00eda de Relaciones Exteriores de M\u00e9xico que encabeza el Canciller Marcelo Ebrard Casaubon.  ","link":"https:\/\/martha.org.mx\/una-politica-con-causa\/category\/quien-soy\/","name":"Quien Soy","slug":"quien-soy","taxonomy":"category","parent":0,"meta":[],"_links":{"self":[{"href":"https:\/\/martha.org.mx\/una-politica-con-causa\/wp-json\/wp\/v2\/categories\/22","targetHints":{"allow":["GET"]}}],"collection":[{"href":"https:\/\/martha.org.mx\/una-politica-con-causa\/wp-json\/wp\/v2\/categories"}],"about":[{"href":"https:\/\/martha.org.mx\/una-politica-con-causa\/wp-json\/wp\/v2\/taxonomies\/category"}],"wp:post_type":[{"href":"https:\/\/martha.org.mx\/una-politica-con-causa\/wp-json\/wp\/v2\/posts?categories=22"}],"curies":[{"name":"wp","href":"https:\/\/api.w.org\/{rel}","templated":true}]}}